{"id":1138,"date":"2020-10-13T15:21:51","date_gmt":"2020-10-13T15:21:51","guid":{"rendered":"https:\/\/www.ccyk.com.co\/?p=1138"},"modified":"2020-10-13T15:23:02","modified_gmt":"2020-10-13T15:23:02","slug":"fortalecimiento-de-la-educacion-superior-internacional-de-colombia-para-consolidacion-de-una-oferta-de-servicios-para-exportacion-del-sector","status":"publish","type":"post","link":"https:\/\/www.ccyk.com.co\/en\/fortalecimiento-de-la-educacion-superior-internacional-de-colombia-para-consolidacion-de-una-oferta-de-servicios-para-exportacion-del-sector\/","title":{"rendered":"Capacity-Building program for embedding sustainability in Higher Education"},"content":{"rendered":"\r\n<p>Propuesta CCYK a Gobierno para Fortalecimiento de la Educaci\u00f3n Superior Internacional de Colombia para consolidaci\u00f3n de una oferta de servicios para Exportaci\u00f3n del sector&#8221;<\/p>\r\n\r\n\r\n\r\n<p><!--more--><\/p>\r\n\r\n<p style=\"text-align: center;\"><a href=\"http:\/\/www.ccyk.com.co\/wp-content\/uploads\/2020\/06\/Manual-de-Marca-CCYK.pdf\" target=\"_blank\" rel=\"noopener noreferrer\"><br \/><\/a><a href=\"http:\/\/www.ccyk.com.co\/wp-content\/uploads\/2020\/10\/PPT-Estrategia-de-Promocio\u00ecn-y-Visibilidad-Internacional-en-ES-2019.pdf\" target=\"_blank\" rel=\"noopener noreferrer\"><img decoding=\"async\" loading=\"lazy\" class=\"aligncenter wp-image-707\" src=\"http:\/\/www.ccyk.com.co\/wp-content\/uploads\/2018\/12\/pdf-icon.png\" alt=\"\" width=\"128\" height=\"128\" \/><\/a><\/p>\r\n<!-- \/wp:image -->\r\n<p>&nbsp;<\/p>\r\n<!-- wp:paragraph -->\r\n<p>&nbsp;<\/p>\r\n<p>La Red CCYK propuso en 2019 una estrategia inclusiva de fortalecimiento de la Educaci\u00f3n Superior Internacional para el pa\u00eds a aliados de gobierno como Ministerio de Educaci\u00f3n Nacional, COLCIENCIAS, ICETEX y PROCOLOMBIA Marca Pa\u00eds e Industrias 4.0 con el fin de consolidar capacidades del Sistema para que el pa\u00eds se constituya como l\u00edder de la regi\u00f3n oferente de servicios de Exportaci\u00f3n en el sector.<\/p>\r\n<p>Informe realizado por Comit\u00e9 Ad hoc CCYK 2019:<br \/>&#8211; Giovanni Anzola &#8211; Universidad Externado de Colombia,<br \/>&#8211; Mar\u00eda Paulina V\u00e1squez &#8211; Universidad de Manizales,<br \/>&#8211; Milena Mej\u00eda &#8211; Universidad de Medell\u00edn,<br \/>&#8211; Hans Dieter Selsted &#8211; Universidad Santo Tom\u00e1s,<br \/>&#8211; Juli\u00e1n Prieto &#8211; Universidad Jorge Tadeo Lozano.<br \/>&#8211; Camilo Puerto, Secretario T\u00e9cnico Red CCYK<\/p>\r\n<p>Dise\u00f1o y diagramaci\u00f3n:<br \/>Carolina Henao Castro.<\/p>\r\n<!-- \/wp:paragraph -->","protected":false},"excerpt":{"rendered":"<p>Propuesta CCYK a Gobierno para Fortalecimiento de la Educaci\u00f3n Superior Internacional de Colombia para consolidaci\u00f3n de una oferta de servicios para Exportaci\u00f3n del sector&#8221;<\/p>\n","protected":false},"author":1,"featured_media":1140,"comment_status":"open","ping_status":"open","sticky":false,"template":"","format":"standard","meta":[],"categories":[62],"tags":[],"_links":{"self":[{"href":"https:\/\/www.ccyk.com.co\/en\/wp-json\/wp\/v2\/posts\/1138"}],"collection":[{"href":"https:\/\/www.ccyk.com.co\/en\/wp-json\/wp\/v2\/posts"}],"about":[{"href":"https:\/\/www.ccyk.com.co\/en\/wp-json\/wp\/v2\/types\/post"}],"author":[{"embeddable":true,"href":"https:\/\/www.ccyk.com.co\/en\/wp-json\/wp\/v2\/users\/1"}],"replies":[{"embeddable":true,"href":"https:\/\/www.ccyk.com.co\/en\/wp-json\/wp\/v2\/comments?post=1138"}],"version-history":[{"count":4,"href":"https:\/\/www.ccyk.com.co\/en\/wp-json\/wp\/v2\/posts\/1138\/revisions"}],"predecessor-version":[{"id":1144,"href":"https:\/\/www.ccyk.com.co\/en\/wp-json\/wp\/v2\/posts\/1138\/revisions\/1144"}],"wp:featuredmedia":[{"embeddable":true,"href":"https:\/\/www.ccyk.com.co\/en\/wp-json\/wp\/v2\/media\/1140"}],"wp:attachment":[{"href":"https:\/\/www.ccyk.com.co\/en\/wp-json\/wp\/v2\/media?parent=1138"}],"wp:term":[{"taxonomy":"category","embeddable":true,"href":"https:\/\/www.ccyk.com.co\/en\/wp-json\/wp\/v2\/categories?post=1138"},{"taxonomy":"post_tag","embeddable":true,"href":"https:\/\/www.ccyk.com.co\/en\/wp-json\/wp\/v2\/tags?post=1138"}],"curies":[{"name":"wp","href":"https:\/\/api.w.org\/{rel}","templated":true}]}}