{"id":1420,"date":"2024-02-12T23:34:15","date_gmt":"2024-02-12T23:34:15","guid":{"rendered":"https:\/\/www.ccyk.com.co\/?p=1420"},"modified":"2025-04-29T18:02:28","modified_gmt":"2025-04-29T18:02:28","slug":"alianza-men-ccyk-2021","status":"publish","type":"post","link":"https:\/\/www.ccyk.com.co\/en\/alianza-men-ccyk-2021\/","title":{"rendered":"Alianza MEN &#8211; CCYK 2021"},"content":{"rendered":"<p>Con el fin de fortalecer la internacionalizaci\u00f3n de la Educaci\u00f3n Superior del pa\u00eds, el Ministerio de Educaci\u00f3n Nacional-MEN y la Asociaci\u00f3n CCYK aunan esfuerzos para construir estrategias que incluyan la diversidad de actores p\u00fablicos, privados y regionales del ecosistema de Educaci\u00f3n Superior para promover y fomentar la Educaci\u00f3n Internacional del pa\u00eds y convertir a Colombia como un destino internacional acad\u00e9mico y cient\u00edfico de alta calidad.<br \/>\n<!--more--><br \/>\n<\/p>\n<p>Con el fin de fortalecer la internacionalizaci\u00f3n de la Educaci\u00f3n Superior del pa\u00eds, el Ministerio de Educaci\u00f3n Nacional-MEN y la Asociaci\u00f3n CCYK aunan esfuerzos para construir estrategias que incluyan la diversidad de actores p\u00fablicos, privados y regionales del ecosistema de Educaci\u00f3n Superior para promover y fomentar la Educaci\u00f3n Internacional del pa\u00eds y convertir a Colombia como un destino internacional acad\u00e9mico y cient\u00edfico de alta calidad.<br \/>\n<!--more--><br \/>\n<br \/>\nLos siguientes documentos fueron construidos de manera colectiva e inclusiva con los representantes de todas las instituciones miembro de la Mesa Intersectorial para la Internacionalizaci\u00f3n de la Educaci\u00f3n Superior-MIES, de Gobierno y de redes, consorcios y asociaciones universitarias para el beneficio de todo el sector. Documento Highlights del Taller para el Registro<br \/>\nde la Oferta Educativa\/Conversatorios Go Colombia<\/p>\n<p>Documentos:<\/p>\n<ul>\n<li><a href=\"http:\/\/www.ccyk.com.co\/wp-content\/uploads\/2024\/02\/20211130-FIES-Anexo-A-guia-eventos-educacion-internal.pdf\">Gu\u00eda para la Participaci\u00f3n en Eventos sobre Educaci\u00f3n Internacional &#8211; anexo A.<\/a><\/li>\n<li><a href=\"http:\/\/www.ccyk.com.co\/wp-content\/uploads\/2024\/02\/20211130-FIES-Anexo-B-guia-eventos-educacion-internal.pdf\">Gu\u00eda para la Participaci\u00f3n en Eventos sobre Educaci\u00f3n Internacional &#8211; anexo B.<\/a><\/li>\n<li><a href=\"http:\/\/www.ccyk.com.co\/wp-content\/uploads\/2024\/02\/20211130-FIES-Expo-Dubai.pdf\">Estrategia de Participaci\u00f3n del Sector de la Educaci\u00f3n Superior Colombiano en Expo Dub\u00e1i.<\/a><\/li>\n<li><a href=\"http:\/\/www.ccyk.com.co\/wp-content\/uploads\/2024\/02\/20211125-FIES-Documento-Exportacion-de-Servicios-Educativos.pdf\">Documento de trabajo para la construcci\u00f3n de plan piloto de Exportaci\u00f3n de Servicios de Educaci\u00f3n Superior.<\/a><\/li>\n<li><a href=\"http:\/\/www.ccyk.com.co\/wp-content\/uploads\/2024\/02\/20211130-FIES-Documento-tecnico-conceptual-Modulo-Investiga_.pdf\">Documento T\u00e9cnico Conceptual del M\u00f3dulo Investiga en Colombia.<\/a><\/li>\n<li><a href=\"http:\/\/www.ccyk.com.co\/wp-content\/uploads\/2024\/02\/20211130-FIES-Documento-tecnico-conceptual-Modulo-Recursos.pdf\">Documento T\u00e9cnico Conceptual del M\u00f3dulo Recursos<\/a><\/li>\n<li>Grabaciones Semana \/ Conversatorios Go Colombia: <a href=\"https:\/\/youtube.com\/playlist?list=PLX4OaA9D0t86sYb4RCKEZSmgXfge0mBQn&amp;si=bdlgxWQIwExYYvbX\">https:\/\/youtube.com\/playlist?list=PLX4OaA9D0t86sYb4RCKEZSmgXfge0mBQn&amp;si=bdlgxWQIwExYYvbX<\/a><\/li>\n<li><a href=\"http:\/\/www.ccyk.com.co\/wp-content\/uploads\/2024\/02\/20211130-FIES-Documento-tecnico-conceptual-Modulo-Recursos_.pdf\">Documento Highlights del Taller para el Registro de la Oferta Educativa\/Conversatorios Go Colombia<\/a><\/li>\n<li><a href=\"http:\/\/www.ccyk.com.co\/wp-content\/uploads\/2024\/02\/20211130-FIES-Highlights-Talleres-Calidad-Itzn-ES.pdf\">Documento Highlights Taller de Lineamientos de Calidad en Internacionalizaci\u00f3n.<\/a><\/li>\n<li><a href=\"http:\/\/www.ccyk.com.co\/wp-content\/uploads\/2024\/02\/Nota-Orientadora-Internac-MEN-2022_.pdf\">Nota orientadora Internacionalizaci\u00f3n Junio de 2022.<\/a><\/li>\n<li><a href=\"http:\/\/www.ccyk.com.co\/wp-content\/uploads\/2025\/04\/20211130-FIES-Guia-participacion-eventos-educacion-internacional.pdf\" target=\"_blank\" rel=\"noopener\">FIES Guia participacion eventos educaci\u00f3n internacional.<\/a><\/li>\n<\/ul>\n<p><\/p>","protected":false},"excerpt":{"rendered":"<p>Hola<\/p>\n","protected":false},"author":1,"featured_media":1467,"comment_status":"closed","ping_status":"closed","sticky":false,"template":"","format":"standard","meta":[],"categories":[62],"tags":[],"_links":{"self":[{"href":"https:\/\/www.ccyk.com.co\/en\/wp-json\/wp\/v2\/posts\/1420"}],"collection":[{"href":"https:\/\/www.ccyk.com.co\/en\/wp-json\/wp\/v2\/posts"}],"about":[{"href":"https:\/\/www.ccyk.com.co\/en\/wp-json\/wp\/v2\/types\/post"}],"author":[{"embeddable":true,"href":"https:\/\/www.ccyk.com.co\/en\/wp-json\/wp\/v2\/users\/1"}],"replies":[{"embeddable":true,"href":"https:\/\/www.ccyk.com.co\/en\/wp-json\/wp\/v2\/comments?post=1420"}],"version-history":[{"count":42,"href":"https:\/\/www.ccyk.com.co\/en\/wp-json\/wp\/v2\/posts\/1420\/revisions"}],"predecessor-version":[{"id":1645,"href":"https:\/\/www.ccyk.com.co\/en\/wp-json\/wp\/v2\/posts\/1420\/revisions\/1645"}],"wp:featuredmedia":[{"embeddable":true,"href":"https:\/\/www.ccyk.com.co\/en\/wp-json\/wp\/v2\/media\/1467"}],"wp:attachment":[{"href":"https:\/\/www.ccyk.com.co\/en\/wp-json\/wp\/v2\/media?parent=1420"}],"wp:term":[{"taxonomy":"category","embeddable":true,"href":"https:\/\/www.ccyk.com.co\/en\/wp-json\/wp\/v2\/categories?post=1420"},{"taxonomy":"post_tag","embeddable":true,"href":"https:\/\/www.ccyk.com.co\/en\/wp-json\/wp\/v2\/tags?post=1420"}],"curies":[{"name":"wp","href":"https:\/\/api.w.org\/{rel}","templated":true}]}}