{"id":525,"date":"2018-08-29T19:23:18","date_gmt":"2018-08-29T19:23:18","guid":{"rendered":"https:\/\/www.ccyk.com.co\/?p=525"},"modified":"2018-12-07T19:10:15","modified_gmt":"2018-12-07T19:10:15","slug":"98-becarios-de-ele-2018-seran-embajadores-de-la-nueva-colombia","status":"publish","type":"post","link":"https:\/\/www.ccyk.com.co\/en\/98-becarios-de-ele-2018-seran-embajadores-de-la-nueva-colombia\/","title":{"rendered":"98 becarios de ELE 2018 ser\u00e1n embajadores de la nueva Colombia"},"content":{"rendered":"<p>Sergio Londo\u00f1o Zurek, director de la Agencia Presidencial de Cooperaci\u00f3n APC-Colombia, asegur\u00f3 que el programa de Ense\u00f1anza de Espa\u00f1ol como Lengua Extranjera (ELE), que lidera el Gobierno a trav\u00e9s de la Canciller\u00eda y APC Colombia, mueve el alma y el coraz\u00f3n porque, entre otros, se adelanta en una \u00e9poca en la que el pa\u00eds escribe su nueva historia en un entorno de paz.<br \/>\nCon grandes expectativas inici\u00f3 la sexta versi\u00f3n de ELE Focalae, la segunda de ELE Asia+ y la primera de \u00c1frica y Asia Central, en la que gu\u00edas tur\u00edsticos y estudiantes universitarios de 34 pa\u00edses de Asia y \u00c1frica comienzan un nuevo camino de cuatro meses, no solo con el fin de afianzar su conocimiento del idioma espa\u00f1ol, sino para vivir la riqueza cultural colombiana, sus tradiciones, gastronom\u00eda, patrimonio natural y la amabilidad de sus habitantes.<!--more--><\/p>\n<p>Este programa, una de las mayores apuestas del gobierno del presidente Juan Manuel Santos, permiti\u00f3 afianzar las relaciones pol\u00edticas y de cooperaci\u00f3n con pa\u00edses de Asia y \u00c1frica y ha permitido posicionar a Colombia como referente mundial de la ense\u00f1anza del espa\u00f1ol.<\/p>\n<p>De esta manera ELE, se consolida como una iniciativa que facilita el entendimiento mutuo entre Colombia y los pa\u00edses de Asia y \u00c1frica, ya que en los \u00faltimos seis a\u00f1os, se han otorgado 395 becas y la demanda por parte de los gu\u00edas tur\u00edsticos y estudiantes de pregrado y posgrado de esas regiones  ha venido aumentando: la cantidad de beneficiarios pas\u00f3 de 58 en el 2013 a 98 en el 2018, lo cual representa un incremento del 69%.<\/p>\n<p>El notorio incremento de este a\u00f1o fue, entre otros, gracias a que en 2017 surgi\u00f3 el programa ELE ASIA+ con el fin de extender los beneficios a otros pa\u00edses de la regi\u00f3n como Bangladesh, But\u00e1n, India, Maldivas, Nepal y Sri Lanka. Adicionalmente, para el a\u00f1o 2018 el Gobierno Nacional cre\u00f3 los programas ELE Asia Central y ELE \u00c1frica. Bajo ese marco, y para esta vigencia, el programa cuenta con la participaci\u00f3n de representantes de Kazajist\u00e1n y Turkmenist\u00e1n  y de pa\u00edses de \u00c1frica como Argelia, Camer\u00fan, Rep\u00fablica Democr\u00e1tica del Congo, Marruecos, Egipto, Etiop\u00eda, Kenia, Sud\u00e1frica, Somalia, Nigeria, Ghana y Mozambique. Todos estos representantes estar\u00e1n en 17 universidades o institutos de idiomas en Bogot\u00e1, Medell\u00edn, Cali, Cartagena, Armenia, Manizales, Bucaramanga, Ch\u00eda y El Socorro y visitar\u00e1n algunos parques nacionales de Colombia.<\/p>\n<p>Antecedentes programa ELE<br \/>\nEl Programa tiene sus antecedentes en el a\u00f1o 2012 con la visita, de la Canciller\u00eda al Sudeste asi\u00e1tico, durante la cual las autoridades del sector turismo resaltaron el aumento de visitantes hispanohablantes y le solicitaron al Gobierno colombiano su apoyo para capacitar en espa\u00f1ol a sus gu\u00edas tur\u00edsticos.<br \/>\nEn ese sentido, el Programa dio inici\u00f3 en 2013 como resultado de las reuniones del Foro de Cooperaci\u00f3n Am\u00e9rica Latina- Asia del Este \u2013 Focalae; mecanismo de integraci\u00f3n conformado por 18 pa\u00edses de Am\u00e9rica Latina y 16 de Asia del Este.<br \/>\nAs\u00ed, el programa ELE Focalae se ha desarrollado por cinco a\u00f1os consecutivos, y ha venido expandi\u00e9ndose a nuevos pa\u00edses teniendo en cuenta su gran acogida:<br \/>\n\u2022\t2013: 58 becarios provenientes de 15 pa\u00edses de Asia<br \/>\n\u2022\t2014: 46 becarios, en su mayor\u00eda de Indonesia<br \/>\n\u2022\t2015: 59 becarios de Asia, con perfiles de periodistas y gu\u00edas de turismo<br \/>\n\u2022\t2016: 60 estudiantes y gu\u00edas de turismo de 12 pa\u00edses del sudeste asi\u00e1tico.<br \/>\n\u2022\t2017: 74 becarios de Asia<br \/>\n\u2022\t2018:  98 becarios de \u00c1frica y Asia Central<\/p>\n","protected":false},"excerpt":{"rendered":"<p>Sergio Londo\u00f1o Zurek, director de la Agencia Presidencial de Cooperaci\u00f3n APC-Colombia, asegur\u00f3 que el programa de Ense\u00f1anza de Espa\u00f1ol como Lengua Extranjera (ELE), que lidera el Gobierno a trav\u00e9s de la Canciller\u00eda y APC Colombia, mueve el alma y el coraz\u00f3n porque, entre otros, se adelanta en una \u00e9poca en la que el pa\u00eds escribe [&hellip;]<\/p>\n","protected":false},"author":1,"featured_media":526,"comment_status":"open","ping_status":"open","sticky":false,"template":"","format":"standard","meta":[],"categories":[61],"tags":[],"_links":{"self":[{"href":"https:\/\/www.ccyk.com.co\/en\/wp-json\/wp\/v2\/posts\/525"}],"collection":[{"href":"https:\/\/www.ccyk.com.co\/en\/wp-json\/wp\/v2\/posts"}],"about":[{"href":"https:\/\/www.ccyk.com.co\/en\/wp-json\/wp\/v2\/types\/post"}],"author":[{"embeddable":true,"href":"https:\/\/www.ccyk.com.co\/en\/wp-json\/wp\/v2\/users\/1"}],"replies":[{"embeddable":true,"href":"https:\/\/www.ccyk.com.co\/en\/wp-json\/wp\/v2\/comments?post=525"}],"version-history":[{"count":1,"href":"https:\/\/www.ccyk.com.co\/en\/wp-json\/wp\/v2\/posts\/525\/revisions"}],"predecessor-version":[{"id":527,"href":"https:\/\/www.ccyk.com.co\/en\/wp-json\/wp\/v2\/posts\/525\/revisions\/527"}],"wp:featuredmedia":[{"embeddable":true,"href":"https:\/\/www.ccyk.com.co\/en\/wp-json\/wp\/v2\/media\/526"}],"wp:attachment":[{"href":"https:\/\/www.ccyk.com.co\/en\/wp-json\/wp\/v2\/media?parent=525"}],"wp:term":[{"taxonomy":"category","embeddable":true,"href":"https:\/\/www.ccyk.com.co\/en\/wp-json\/wp\/v2\/categories?post=525"},{"taxonomy":"post_tag","embeddable":true,"href":"https:\/\/www.ccyk.com.co\/en\/wp-json\/wp\/v2\/tags?post=525"}],"curies":[{"name":"wp","href":"https:\/\/api.w.org\/{rel}","templated":true}]}}